{"id":153,"date":"2018-04-05T06:53:39","date_gmt":"2018-04-05T06:53:39","guid":{"rendered":"http:\/\/milchhofblumhardt-lernenaufdembauernhof.de\/?p=153"},"modified":"2018-04-05T06:53:39","modified_gmt":"2018-04-05T06:53:39","slug":"meine-familie-die-kuehe-und-ich","status":"publish","type":"post","link":"http:\/\/milchhofblumhardt-lernenaufdembauernhof.de\/?p=153","title":{"rendered":"Meine Familie, die K\u00fche und Ich"},"content":{"rendered":"<p><img data-recalc-dims=\"1\" loading=\"lazy\" decoding=\"async\" data-attachment-id=\"176\" data-permalink=\"http:\/\/milchhofblumhardt-lernenaufdembauernhof.de\/?attachment_id=176\" data-orig-file=\"https:\/\/i0.wp.com\/milchhofblumhardt-lernenaufdembauernhof.de\/wp-content\/uploads\/2018\/04\/Foto-Collagen-App_RG6qGc.png?fit=1184%2C1184\" data-orig-size=\"1184,1184\" data-comments-opened=\"1\" data-image-meta=\"{&quot;aperture&quot;:&quot;0&quot;,&quot;credit&quot;:&quot;&quot;,&quot;camera&quot;:&quot;&quot;,&quot;caption&quot;:&quot;&quot;,&quot;created_timestamp&quot;:&quot;0&quot;,&quot;copyright&quot;:&quot;&quot;,&quot;focal_length&quot;:&quot;0&quot;,&quot;iso&quot;:&quot;0&quot;,&quot;shutter_speed&quot;:&quot;0&quot;,&quot;title&quot;:&quot;&quot;,&quot;orientation&quot;:&quot;0&quot;}\" data-image-title=\"Foto-Collagen-App_RG6qGc\" data-image-description=\"\" data-image-caption=\"\" data-medium-file=\"https:\/\/i0.wp.com\/milchhofblumhardt-lernenaufdembauernhof.de\/wp-content\/uploads\/2018\/04\/Foto-Collagen-App_RG6qGc.png?fit=300%2C300\" data-large-file=\"https:\/\/i0.wp.com\/milchhofblumhardt-lernenaufdembauernhof.de\/wp-content\/uploads\/2018\/04\/Foto-Collagen-App_RG6qGc.png?fit=660%2C660\" class=\"alignnone size-full wp-image-176\" src=\"https:\/\/i0.wp.com\/milchhofblumhardt-lernenaufdembauernhof.de\/wp-content\/uploads\/2018\/04\/Foto-Collagen-App_RG6qGc.png?resize=660%2C660\" alt=\"Foto-Collagen-App_RG6qGc\" width=\"660\" height=\"660\" srcset=\"https:\/\/i0.wp.com\/milchhofblumhardt-lernenaufdembauernhof.de\/wp-content\/uploads\/2018\/04\/Foto-Collagen-App_RG6qGc.png?w=1184 1184w, https:\/\/i0.wp.com\/milchhofblumhardt-lernenaufdembauernhof.de\/wp-content\/uploads\/2018\/04\/Foto-Collagen-App_RG6qGc.png?resize=150%2C150 150w, https:\/\/i0.wp.com\/milchhofblumhardt-lernenaufdembauernhof.de\/wp-content\/uploads\/2018\/04\/Foto-Collagen-App_RG6qGc.png?resize=300%2C300 300w, https:\/\/i0.wp.com\/milchhofblumhardt-lernenaufdembauernhof.de\/wp-content\/uploads\/2018\/04\/Foto-Collagen-App_RG6qGc.png?resize=768%2C768 768w, https:\/\/i0.wp.com\/milchhofblumhardt-lernenaufdembauernhof.de\/wp-content\/uploads\/2018\/04\/Foto-Collagen-App_RG6qGc.png?resize=1024%2C1024 1024w\" sizes=\"(max-width: 660px) 100vw, 660px\" \/><\/p>\n<h4>Nicht immer einfach ist es, alle Haus- und Stallbewohner unter einen Hut zu bekommen&#8230;<br \/>\njeder hat seine Bed\u00fcrfnisse, stellt Forderungen und hat W\u00fcnsche.<br \/>\nSich selbst dabei nicht zu vergessen &#8211; manchmal eine Herausforderung!<\/h4>\n<p>Der Tag beginnt um 6, denn da klingelt der Wecker.<br \/>\nIns Badezimmer gehen, selbst wach werden, Kinder wecken, Vesperdose packen, mit dem Hund kurz raus &#8230;<br \/>\nzwischendrin immer mal wieder die Uhrzeit ins Kinderzimmer rufen.<br \/>\nMeisten kommt dann ein &#8222;Noch 5 Minuten&#8220; oder &#8222;&#8230;um 6.45 Uhr steh ich auf!&#8220;<br \/>\n&#8222;Du wei\u00dft aber schon, dass wir um 7.10 Uhr los m\u00fcssen!&#8220; ruf ich zur\u00fcck, denk mir &#8222;jeden Tag dasselbe!&#8220; und stell die Tasse unter die Espressomaschine.<br \/>\n<strong>Kaffee&#8230;endlich!<\/strong><\/p>\n<p>Wenn dann auch das letzte Familienmitglied das Bett verlassen hat, kommt Bewegung in den Morgen&#8230;Zeit ist knapp!<br \/>\nRuhe kehrt erst wieder ein, wenn beide Kinder das Haus verlassen haben.<\/p>\n<p>Dann widme ich mich wieder meinem zwischenzeitlich erkalteten Kaffee. Manchmal w\u00e4rme ich\u00a0ihn in der Mikrowelle nochmal auf oder ich mache mir nochmal eine frische Tasse.<br \/>\n<strong>Kurze Auszeit f\u00fcr mich&#8230;<\/strong> das Smartphone in der Hand, durch Facebook scrollen, eine Fotocollage erstellen, an einem Beitrag arbeiten, den Tagesplan im Kopf durchgehen &#8230; bevor es in den Stall geht.<\/p>\n<p>K\u00e4lbermilch zubereiten und verteilen, frisches Stroh einstreuen, K\u00fche besamen, Kuhdaten im Computer einpflegen, Pferde f\u00fcttern und misten&#8230;<br \/>\nevtl. K\u00e4lber markieren geh\u00f6rt zu meinen t\u00e4glichen Arbeiten am Vormittag.<\/p>\n<p>Danach bin ich <strong>&#8222;flexibel&#8220;<\/strong> und erledige das was gerade ansteht.<br \/>\nVon allem ein bi\u00dfchen, Priorit\u00e4ten setzen ist angesagt.<\/p>\n<ul>\n<li>Schulklassenbesuche<\/li>\n<li>Rechnungen bezahlen<\/li>\n<li>Meldungen in der Rinderdatenbank eingeben<\/li>\n<li>bi\u00dfchen Sp\u00fclmaschine aus-und einr\u00e4umen<\/li>\n<li>bi\u00dfchen W\u00e4sche waschen<\/li>\n<li>bi\u00dfchen Boden wischen und bi\u00dfchen sonstige Putzarbeiten<\/li>\n<li>Eink\u00e4ufe erledigen &#8211; meistens so, damit Kinder abholen gleich auf dem R\u00fcckweg liegt.<\/li>\n<li>Alle zwei Wochen steht an einem Vormittag Tr\u00e4chtigkeitsuntersuchung mit dem Tierarzt an<\/li>\n<li>und einmal im Monat schickt der Buchf\u00fchrungsmann seinen Wunschtermin<br \/>\n<strong>&#8211; Tag X um 10 Uhr &#8211;<\/strong> per Postkarte<br \/>\nAbsagen oder Verlegen eigentlich unm\u00f6glich, auch unser Buchf\u00fchrungsmann hat seine festen Tagesabl\u00e4ufe.<\/li>\n<\/ul>\n<p>Oft, ich habe mich gerade in meine Arbeit vertieft, klingelt das Telefon:<\/p>\n<blockquote><p><strong>&#8222;<\/strong>Der Jan <strong>&#8211; k\u00f6nntest du mal bitte&#8230;.<\/strong><br \/>\n<em>&#8230;nach der Kuh schauen!&#8220;<\/em><br \/>\n<em> &#8230;mir ganz dringend etwas ausdrucken!&#8220;<\/em><br \/>\n<em> &#8230;dieses oder jenes, an denjenigen weiterleiten!&#8220;<\/em><br \/>\n<em> &#8230;runter in Stall gehen, und dieses oder jenes erledigen!&#8220;<\/em><br \/>\n<em> &#8230;ganz schnell auf den Acker rauskommen, mir etwas vorbeibringen!&#8220;<\/em><br \/>\n<em> &#8230;die Unterlagen raussuchen!&#8220;<\/em><\/p><\/blockquote>\n<h3><strong>CUT!<\/strong><\/h3>\n<p>&nbsp;<\/p>\n<p><strong>Allgemein gilt:<\/strong><br \/>\nWas ich am Vormittag nicht erledigt habe, wird heute nichts mehr!<\/p>\n<p>Diese Dinge landen dann in meiner <strong>imagin\u00e4ren To-Do-Liste<\/strong>, ebenfalls nach Priorit\u00e4ten sortiert:<br \/>\ndas sind dann so Sachen, wie:<\/p>\n<ul>\n<li>nicht allt\u00e4gliche Arbeiten im Stall, auf dem Hof oder im B\u00fcro<\/li>\n<li>private Arbeiten<\/li>\n<li>Hobby<\/li>\n<\/ul>\n<p>&#8230;die werden irgendwie reingeschoben, wie es Zeit und Wetterlage eben m\u00f6glich machen.<\/p>\n<p><strong>Ganz unten auf der Liste steht zum Beispiel &#8222;ausreiten&#8220;.<\/strong><br \/>\nIch war im August das letzte Mal ausreiten&#8230; mein Mann fragt mich immer, warum ich eigentlich drei Pferde habe&#8230; <em>&#8222;Mmmh, gute Frage&#8230;zum F\u00fcttern?&#8220;<\/em><br \/>\nIch hab mir vorgenommen, ab diesem Jahr mit der Tochter ab und zu mal ausreiten zu gehen.<br \/>\nSie ist jetzt elf und einigerma\u00dfen sattelfest, so dass das gut klappen m\u00fcsste!<\/p>\n<blockquote><p>Es ist alles etwas einfacher geworden, seit die Kinder gr\u00f6\u00dfer sind.<br \/>\nMan kann mal kurz mit einem knappen: &#8222;Bin gleich wieder da&#8230;!&#8220; die Wohnung verlassen, ohne das ganze Kind mitschleppen zu m\u00fcssen.<\/p><\/blockquote>\n<p>Gott sei Dank muss ich nicht kochen, das erledigt Oma Eri.<br \/>\nNach dem Mittagessen um 14 Uhr geh\u00f6rt die verbleibenden Zeit, bis zur abendlichen Stallsession den Kindern:<\/p>\n<p>&#8230;Hausaufgabenbetreuung (neben den Hausaufgaben kann ich mich um irgendwelche Kleinigkeiten k\u00fcmmern, bei denen keine Konzentration erforderlich ist.)<br \/>\n&#8230;zur w\u00f6chentlichen Reitstunde begleiten<br \/>\n&#8230;Termine beim Arzt und Kieferorthop\u00e4de<br \/>\n&#8230;Besorgungen bei denen die Kinder dabei sein sollten<\/p>\n<h2>und ZACK! 16 Uhr.<\/h2>\n<h3><strong>Stallzeit!!!<\/strong><\/h3>\n<p>&#8230;K\u00e4lber, Pferde, K\u00fche melken.<\/p>\n<p>F\u00fcr Kinderabhol- und Kinderbringdienste w\u00e4hrend der Stallzeit ist immer Oma Moni zust\u00e4ndig. Da ist Verlass drauf&#8230;.Vielen Dank! Ich wei\u00df nicht, wie ich das sonst machen w\u00fcrde!<\/p>\n<p>Abends denke ich meist, manchmal mehr und manchmal weniger m\u00fcde, an den Tag zur\u00fcck.<br \/>\nIst alles gut gelaufen? Alles erledigt? Was ist liegengeblieben? Neuer Plan?!<br \/>\nVielleicht konnte ich auch etwas abarbeiten, das ich sch\u00f6n l\u00e4nger im Kopf mit mir rumschleppte&#8230;dann bin ich meist richtig zufrieden mit mir und der Welt.<br \/>\nVerlief irgendwas nicht nach Plan und meine To-do-Liste ist l\u00e4nger geworden, na ja&#8230;dann kann die Laune auch mal schlechter sein!<br \/>\nUnd es gibt Tage, da bin ich echt platt.<\/p>\n<p>In den Wintermonaten, von Oktober bis April, ist dann auch ab und zu mal eine Auszeit drin.<br \/>\nDie Au\u00dfenarbeiten ruhen&#8230; das nutze ich gerne, um\u00a0ein bi\u00dfchen\u00a0&#8222;rauszukommen&#8220;. Am liebsten gehe ich in die Stadt!<br \/>\nZeit f\u00fcr mich haben, Veranstaltungen besuchen\u00a0und irgendwie auch Ruhe tanken!<br \/>\nH\u00f6rt sich komisch an, Ruhe tanken, wo andere abgehetzt an einem vorbeirennen&#8230;aber genauso ist es!<br \/>\nAn diesen Tagen, mu\u00df ich nicht auf die Uhr schauen&#8230; um 16 Uhr m\u00fcssen keine K\u00fche gemolken werden.<br \/>\nTermine raus, Stadtleben rein, freie Zeiteinteilung!!!<\/p>\n<p>&nbsp;<\/p>\n<h3><strong>Gerade aktuell &#8211; die Studie l\u00e4uft noch bis 15. Mai &#8211;<\/strong><\/h3>\n<p>Das Ministerium f\u00fcr l\u00e4ndlichen Raum und Verbraucherschutz hat eine Studie zur Lebens- und Arbeitssituation von Frauen in der Landwirtschaft in Baden-W\u00fcrttemberg bei der Universit\u00e4t Freiburg in Auftrag gegeben. Ziel ist es, die Lebenswirklichkeit repr\u00e4sentativ abzubilden, um darauf aufbauend ma\u00dfgeschneiderte F\u00f6rderprogramme entwickeln zu k\u00f6nnen.<\/p>\n<p>Bist du auch eine Frau aus der Landwirtschaft?<\/p>\n<p>Die Studie richtet sich\u00a0<b>an alle Frauen ab 16 Jahren, die auf einem landwirtschaftlichen Betrieb in Baden-W\u00fcrttemberg <\/b>(Haupt- oder Nebenerwerb) <b>arbeiten oder dort gelegentlich mithelfen bzw. im l\u00e4ndlichen Raum wohnen.<\/b><br \/>\nDann nehm dir 30 Minuten Zeit f\u00fcr die Online Umfrage:<\/p>\n<p><a href=\"https:\/\/www.envgov.uni-freiburg.de\/de\/prof-envgov\/forschung\/landfrauen-umfrage\">https:\/\/www.envgov.uni-freiburg.de\/de\/prof-envgov\/forschung\/landfrauen-umfrage<\/a><\/p>\n","protected":false},"excerpt":{"rendered":"<p>Nicht immer einfach ist es, alle Haus- und Stallbewohner unter einen Hut zu bekommen&#8230; jeder hat seine Bed\u00fcrfnisse, stellt Forderungen und hat W\u00fcnsche. Sich selbst dabei nicht zu vergessen &#8211; manchmal eine Herausforderung! Der Tag beginnt um 6, denn da klingelt der Wecker. Ins Badezimmer gehen, selbst wach werden, Kinder wecken, Vesperdose packen, mit dem &hellip; <a href=\"http:\/\/milchhofblumhardt-lernenaufdembauernhof.de\/?p=153\" class=\"more-link\"><span class=\"screen-reader-text\">Meine Familie, die K\u00fche und Ich<\/span> weiterlesen<\/a><\/p>\n","protected":false},"author":1,"featured_media":0,"comment_status":"open","ping_status":"open","sticky":false,"template":"","format":"standard","meta":{"jetpack_post_was_ever_published":false,"_jetpack_newsletter_access":"","_jetpack_dont_email_post_to_subs":false,"_jetpack_newsletter_tier_id":0,"_jetpack_memberships_contains_paywalled_content":false,"_jetpack_memberships_contains_paid_content":false,"footnotes":"","jetpack_publicize_message":"","jetpack_publicize_feature_enabled":true,"jetpack_social_post_already_shared":true,"jetpack_social_options":{"image_generator_settings":{"template":"highway","enabled":false},"version":2}},"categories":[16],"tags":[20,19,23,18,21,27,30,22,25,28,33,17,26,31,32,34,29,24],"jetpack_publicize_connections":[],"jetpack_featured_media_url":"","jetpack_sharing_enabled":true,"jetpack_shortlink":"https:\/\/wp.me\/p9MQ7v-2t","jetpack_likes_enabled":true,"jetpack-related-posts":[],"_links":{"self":[{"href":"http:\/\/milchhofblumhardt-lernenaufdembauernhof.de\/index.php?rest_route=\/wp\/v2\/posts\/153"}],"collection":[{"href":"http:\/\/milchhofblumhardt-lernenaufdembauernhof.de\/index.php?rest_route=\/wp\/v2\/posts"}],"about":[{"href":"http:\/\/milchhofblumhardt-lernenaufdembauernhof.de\/index.php?rest_route=\/wp\/v2\/types\/post"}],"author":[{"embeddable":true,"href":"http:\/\/milchhofblumhardt-lernenaufdembauernhof.de\/index.php?rest_route=\/wp\/v2\/users\/1"}],"replies":[{"embeddable":true,"href":"http:\/\/milchhofblumhardt-lernenaufdembauernhof.de\/index.php?rest_route=%2Fwp%2Fv2%2Fcomments&post=153"}],"version-history":[{"count":37,"href":"http:\/\/milchhofblumhardt-lernenaufdembauernhof.de\/index.php?rest_route=\/wp\/v2\/posts\/153\/revisions"}],"predecessor-version":[{"id":191,"href":"http:\/\/milchhofblumhardt-lernenaufdembauernhof.de\/index.php?rest_route=\/wp\/v2\/posts\/153\/revisions\/191"}],"wp:attachment":[{"href":"http:\/\/milchhofblumhardt-lernenaufdembauernhof.de\/index.php?rest_route=%2Fwp%2Fv2%2Fmedia&parent=153"}],"wp:term":[{"taxonomy":"category","embeddable":true,"href":"http:\/\/milchhofblumhardt-lernenaufdembauernhof.de\/index.php?rest_route=%2Fwp%2Fv2%2Fcategories&post=153"},{"taxonomy":"post_tag","embeddable":true,"href":"http:\/\/milchhofblumhardt-lernenaufdembauernhof.de\/index.php?rest_route=%2Fwp%2Fv2%2Ftags&post=153"}],"curies":[{"name":"wp","href":"https:\/\/api.w.org\/{rel}","templated":true}]}}