{"id":257,"date":"2018-10-08T09:41:19","date_gmt":"2018-10-08T09:41:19","guid":{"rendered":"http:\/\/milchhofblumhardt-lernenaufdembauernhof.de\/?p=257"},"modified":"2018-10-08T09:41:19","modified_gmt":"2018-10-08T09:41:19","slug":"milchhof-blumhardt-goes-digital","status":"publish","type":"post","link":"http:\/\/milchhofblumhardt-lernenaufdembauernhof.de\/?p=257","title":{"rendered":"Milchhof Blumhardt goes digital"},"content":{"rendered":"<p><img data-recalc-dims=\"1\" loading=\"lazy\" decoding=\"async\" data-attachment-id=\"266\" data-permalink=\"http:\/\/milchhofblumhardt-lernenaufdembauernhof.de\/?attachment_id=266\" data-orig-file=\"https:\/\/i0.wp.com\/milchhofblumhardt-lernenaufdembauernhof.de\/wp-content\/uploads\/2018\/07\/Paula.jpg?fit=720%2C324\" data-orig-size=\"720,324\" data-comments-opened=\"1\" data-image-meta=\"{&quot;aperture&quot;:&quot;0&quot;,&quot;credit&quot;:&quot;&quot;,&quot;camera&quot;:&quot;&quot;,&quot;caption&quot;:&quot;&quot;,&quot;created_timestamp&quot;:&quot;0&quot;,&quot;copyright&quot;:&quot;&quot;,&quot;focal_length&quot;:&quot;0&quot;,&quot;iso&quot;:&quot;0&quot;,&quot;shutter_speed&quot;:&quot;0&quot;,&quot;title&quot;:&quot;&quot;,&quot;orientation&quot;:&quot;0&quot;}\" data-image-title=\"Paula\" data-image-description=\"\" data-image-caption=\"\" data-medium-file=\"https:\/\/i0.wp.com\/milchhofblumhardt-lernenaufdembauernhof.de\/wp-content\/uploads\/2018\/07\/Paula.jpg?fit=300%2C135\" data-large-file=\"https:\/\/i0.wp.com\/milchhofblumhardt-lernenaufdembauernhof.de\/wp-content\/uploads\/2018\/07\/Paula.jpg?fit=660%2C297\" class=\"alignleft size-full wp-image-266\" src=\"https:\/\/i0.wp.com\/milchhofblumhardt-lernenaufdembauernhof.de\/wp-content\/uploads\/2018\/07\/Paula.jpg?resize=660%2C297\" alt=\"\" width=\"660\" height=\"297\" srcset=\"https:\/\/i0.wp.com\/milchhofblumhardt-lernenaufdembauernhof.de\/wp-content\/uploads\/2018\/07\/Paula.jpg?w=720 720w, https:\/\/i0.wp.com\/milchhofblumhardt-lernenaufdembauernhof.de\/wp-content\/uploads\/2018\/07\/Paula.jpg?resize=300%2C135 300w\" sizes=\"(max-width: 660px) 100vw, 660px\" \/><\/p>\n<h3><\/h3>\n<h3>Der Lernort ist um ein Angebot reicher!<\/h3>\n<p>Schulklassen der Klassenstufe 3 bis 5 haben nun die M\u00f6glichkeit digital und auf eigene Faust den Milchhof und seine Hauptakteure -unsere Milchk\u00fche- kennenzulernen.<\/p>\n<p>Mit <strong>iPad<\/strong> ausger\u00fcstet gehen die Sch\u00fcler und Sch\u00fclerinnen auf digitale Schnitzeljagd quer \u00fcber das Hofgel\u00e4nde und lernen dabei alles Wissenswerte \u00fcber das Leben einer Milchkuh.<\/p>\n<ul>\n<li>Welche Rinderrasse ist in Blumhardt&#8217;s Stall zu finden?<\/li>\n<li>Aus was besteht das t\u00e4gliche Kuhmen\u00fc?<\/li>\n<li>Die K\u00e4lber werden von ihren M\u00fcttern getrennt&#8230; grausam? Oder evtl. ein Vorteil f\u00fcr&#8217;s Kalb?<\/li>\n<li>&#8230;und wie entsteht eigentlich Milch?<\/li>\n<\/ul>\n<p>Schafft ihr es die <strong>H\u00f6chstpunktzahl<\/strong> zu erreichen?<br \/>\nUnd welche Gruppe liegt am Ende vorne und wird <strong>Klassensieger?<\/strong><\/p>\n<p>Neugierig? Dann probiert&#8217;s aus und sichert euch euren Termin!<br \/>\n(Kontakt: <em>kerstinblumhardt@gmx.de<\/em> oder <em>Tel.: 0173 6959219<\/em>)<\/p>\n<h4>Die offizielle iPad-\u00dcbergabe hat am Dienstag, den 17.07.2018 stattgefunden.<\/h4>\n<p><img data-recalc-dims=\"1\" loading=\"lazy\" decoding=\"async\" data-attachment-id=\"261\" data-permalink=\"http:\/\/milchhofblumhardt-lernenaufdembauernhof.de\/?attachment_id=261\" data-orig-file=\"https:\/\/i0.wp.com\/milchhofblumhardt-lernenaufdembauernhof.de\/wp-content\/uploads\/2018\/07\/20180717_Uebergabe_iPads_Milchviehbetrieb_34_Druck.jpg?fit=2125%2C1195\" data-orig-size=\"2125,1195\" data-comments-opened=\"1\" data-image-meta=\"{&quot;aperture&quot;:&quot;0&quot;,&quot;credit&quot;:&quot;Aksel \\u00d6zdemir&quot;,&quot;camera&quot;:&quot;&quot;,&quot;caption&quot;:&quot;&quot;,&quot;created_timestamp&quot;:&quot;1531837515&quot;,&quot;copyright&quot;:&quot;\\u00a9 Landratsamt Ludwigsburg, \\u00d6zdemir&quot;,&quot;focal_length&quot;:&quot;0&quot;,&quot;iso&quot;:&quot;0&quot;,&quot;shutter_speed&quot;:&quot;0&quot;,&quot;title&quot;:&quot;&quot;,&quot;orientation&quot;:&quot;0&quot;}\" data-image-title=\"20180717_Uebergabe_iPads_Milchviehbetrieb_34_Druck\" data-image-description=\"\" data-image-caption=\"\" data-medium-file=\"https:\/\/i0.wp.com\/milchhofblumhardt-lernenaufdembauernhof.de\/wp-content\/uploads\/2018\/07\/20180717_Uebergabe_iPads_Milchviehbetrieb_34_Druck.jpg?fit=300%2C169\" data-large-file=\"https:\/\/i0.wp.com\/milchhofblumhardt-lernenaufdembauernhof.de\/wp-content\/uploads\/2018\/07\/20180717_Uebergabe_iPads_Milchviehbetrieb_34_Druck.jpg?fit=660%2C371\" class=\"size-medium wp-image-261 alignleft\" src=\"https:\/\/i0.wp.com\/milchhofblumhardt-lernenaufdembauernhof.de\/wp-content\/uploads\/2018\/07\/20180717_Uebergabe_iPads_Milchviehbetrieb_34_Druck.jpg?resize=300%2C169\" alt=\"\" width=\"300\" height=\"169\" srcset=\"https:\/\/i0.wp.com\/milchhofblumhardt-lernenaufdembauernhof.de\/wp-content\/uploads\/2018\/07\/20180717_Uebergabe_iPads_Milchviehbetrieb_34_Druck.jpg?resize=300%2C169 300w, https:\/\/i0.wp.com\/milchhofblumhardt-lernenaufdembauernhof.de\/wp-content\/uploads\/2018\/07\/20180717_Uebergabe_iPads_Milchviehbetrieb_34_Druck.jpg?resize=768%2C432 768w, https:\/\/i0.wp.com\/milchhofblumhardt-lernenaufdembauernhof.de\/wp-content\/uploads\/2018\/07\/20180717_Uebergabe_iPads_Milchviehbetrieb_34_Druck.jpg?resize=1024%2C576 1024w, https:\/\/i0.wp.com\/milchhofblumhardt-lernenaufdembauernhof.de\/wp-content\/uploads\/2018\/07\/20180717_Uebergabe_iPads_Milchviehbetrieb_34_Druck.jpg?w=1320 1320w, https:\/\/i0.wp.com\/milchhofblumhardt-lernenaufdembauernhof.de\/wp-content\/uploads\/2018\/07\/20180717_Uebergabe_iPads_Milchviehbetrieb_34_Druck.jpg?w=1980 1980w\" sizes=\"(max-width: 300px) 100vw, 300px\" \/><br \/>\nFoto: Pressestelle Landratsamt Ludwigsburg<\/p>\n<p>&nbsp;<\/p>\n<p>&nbsp;<\/p>\n<h3><strong>Wir sind nun gut ger\u00fcstet f\u00fcr das aktuelle Schuljahr!!!<\/strong><\/h3>\n<p>Dass dieses Projekt auf unserem Milchhof realisiert werden konnte, dar\u00fcber freue ich mich sehr!<\/p>\n<p>Es ist bestimmt schon drei Jahre her, als ich im Netz auf ein Forschungsprojekt in der Ern\u00e4hrungsbildung aufmerksam wurde.<br \/>\nDieses Forschungsprojekt entwickelte eine App mit der digitale Schnitzeljagden erstellt und gespielt werden konnten&#8230;es entstanden einige &#8222;Mehlspuren&#8220; in verschiedenen baden-w\u00fcrttembergischen St\u00e4dten&#8230;<br \/>\nda ich immer auf der Suche, nach neuen M\u00f6glichkeiten bin, mein &#8222;Lernort&#8220;-Angebot zu verbessern, machte ich mich sofort auf die Suche nach mehr Informationen rund ums Thema &#8222;Digitale Schnitzeljagden&#8220;.<\/p>\n<blockquote><p>Dieses Vorhaben gestaltete sich jedoch \u00e4u\u00dferst schwer.<br \/>\nEtliche E-Mails schickte ich im ganzen Land umher, auf der Suche nach dem richtigen Ansprechpartner&#8230;.lange ohne Erfolg!<br \/>\nAber was l\u00e4nge w\u00e4hrt&#8230;.<\/p><\/blockquote>\n<p>Deshalb m\u00f6chte ich mich herzlich bei folgenden Personen bedanken, die aktiv zum Gelingen dieses Projektes beigetragen haben:<\/p>\n<p><strong>Frau Grohmann<\/strong>, <em>Koordinatorin Lernort Bauernhof<\/em> im Landkreis Ludwigsburg, vielen Dank, dass ich Sie zu einem Au\u00dfentermin begleiten durfte&#8230;endlich war der Kontakt zum richtigen Ansprechpartner hergestellt, sonst w\u00fcrde ich immernoch E-Mails schreiben!<\/p>\n<p><strong>Herr Prof. Dr. Steffen Schaal<\/strong>, <em>P\u00e4dagogische Hochschule Ludwigsburg<\/em>, vielen Dank f\u00fcr die Einladung zum &#8222;Qualimobil&#8220;-Workshop, bei dem ich erste Einblicke in die M\u00f6glichkeiten und die Erstellung von digitalen Schnitzeljagden bekommen habe und f\u00fcr die Vermittlung der beiden PH-Studentinnen Theresa Keuler und Clara Tabea B\u00fchler.<\/p>\n<p><strong>Theresa und Clara<\/strong>, vielen Dank, f\u00fcr die Erstellung dieses tollen Spiels&#8230;es passt perfekt zu unserem Hof. Ich habe euch beim ersten Treffen mit unglaublich viel &#8222;Gep\u00e4ck&#8220; losgeschickt. Ihr habt aus diesem ganzen Wissen und Vorgaben, die ich euch mitgegeben habe, ein Spiel von fachlich und p\u00e4dagigisch hoher Qualit\u00e4t gemacht.<\/p>\n<p>Danke an <strong>Herr Dr. R\u00fcdiger Stihl<\/strong> f\u00fcr seine schnelle R\u00fcckmeldung und seine spontane Zustimmung, dieses Projekt finanziell zu unterst\u00fctzen.<\/p>\n<p>Danke an <strong>Herr Burghartswieser<\/strong> und <strong>Frau Edlinger<\/strong> von der <strong>Eva Mayr-Stihl Stiftung<\/strong> f\u00fcr das Finden von Mitteln und Wegen, das Projekt zu f\u00f6rdern.<\/p>\n<p>Danke an <strong>Frau Ott<\/strong>,<em> Ern\u00e4hrungszentrum Mittlerer Neckar<\/em>, f\u00fcr die weitere Organisation und die Beschaffung der Ger\u00e4te.<\/p>\n<p>Danke an <strong>Herr Panke<\/strong> und <strong>Frau Nisi<\/strong>, <em>Kreismedienzentrum des Landkreis LB<\/em>, f\u00fcr den technischen Support.<\/p>\n<p>Danke an Landrat <strong>Dr. Rainer Haas<\/strong> f\u00fcr seine Gru\u00dfworte.<\/p>\n<p>Danke an die <strong>Grundschulkinder<\/strong>, <strong>Lehrerinnen<\/strong> und <strong>die Schulleiterin<\/strong> der <em>GS Remseck Hochberg<\/em> , sowie <strong>Pressevertreter<\/strong> f\u00fcr ihre Teilnahme an der offiziellen iPad-\u00dcbergabe.<\/p>\n<p>&nbsp;<\/p>\n<p>Pressereaktionen:<\/p>\n<p><a href=\"https:\/\/l.facebook.com\/l.php?u=http%3A%2F%2Fwww.eva-mayr-stihl-stiftung.de%2Fde%2Fnews%2Feva-mayr-stihl-stiftung-und-dr-ruediger-stihl-unterstuetzen-den-lernort-bauernhof&amp;h=AT3Ng3nSRzGWezGeBYmnqM262MF4cZQE_KJco4c563jkuzdDfsIKq5WswGVKa9Qn-4dh_IDatrMCtRzrJp-vM14xWFK0-03VTYx58q_3RAZjNyRQaiI9XC-EbWAfAGpOeVtrp0-RrBvYZm0ipPNycA\">https:\/\/l.facebook.com\/l.php?u=http%3A%2F%2Fwww.eva-mayr-stihl-stiftung.de%2Fde%2Fnews%2Feva-mayr-stihl-stiftung-und-dr-ruediger-stihl-unterstuetzen-den-lernort-bauernhof&amp;h=AT3Ng3nSRzGWezGeBYmnqM262MF4cZQE_KJco4c563jkuzdDfsIKq5WswGVKa9Qn-4dh_IDatrMCtRzrJp-vM14xWFK0-03VTYx58q_3RAZjNyRQaiI9XC-EbWAfAGpOeVtrp0-RrBvYZm0ipPNycA<\/a><\/p>\n<p>&nbsp;<\/p>\n<p><a href=\"https:\/\/www.lkz.de\/lokales\/stadt-kreis-ludwigsburg_artikel,-Mit-dem-Tablet-durch-den-Kuhstall-_arid,488448.html\" target=\"_blank\" rel=\"noopener\">https:\/\/www.lkz.de\/lokales\/stadt-kreis-ludwigsburg_artikel,-Mit-dem-Tablet-durch-den-Kuhstall-_arid,488448.html<\/a><\/p>\n<h2>Wir halten die F\u00fc\u00dfe nicht still!<\/h2>\n<p>Zwei weitere Studentinnen der PH Ludwigsburg machen seit Beginn des neuen Schuljahres die Schnitzeljagd zum Thema ihrer Wissenschaftlichen Hausarbeit und erproben ein neues Tool, mit dem Zeichnen und Skizzieren in das Spiel integriert wird&#8230;.<\/p>\n<p>Im weiteren Verlauf wird nun erprobt, ob die M\u00f6glichkeit zu Zeichnen und selbst Skizzen anfertigen den Lernerfolg der Kinder positiv unterst\u00fctzt.<\/p>\n<h6>Ich bin total gespannt!!!<\/h6>\n<p>&nbsp;<\/p>\n","protected":false},"excerpt":{"rendered":"<p>Der Lernort ist um ein Angebot reicher! Schulklassen der Klassenstufe 3 bis 5 haben nun die M\u00f6glichkeit digital und auf eigene Faust den Milchhof und seine Hauptakteure -unsere Milchk\u00fche- kennenzulernen. Mit iPad ausger\u00fcstet gehen die Sch\u00fcler und Sch\u00fclerinnen auf digitale Schnitzeljagd quer \u00fcber das Hofgel\u00e4nde und lernen dabei alles Wissenswerte \u00fcber das Leben einer Milchkuh. &hellip; <a href=\"http:\/\/milchhofblumhardt-lernenaufdembauernhof.de\/?p=257\" class=\"more-link\"><span class=\"screen-reader-text\">Milchhof Blumhardt goes digital<\/span> weiterlesen<\/a><\/p>\n","protected":false},"author":1,"featured_media":0,"comment_status":"open","ping_status":"open","sticky":false,"template":"","format":"image","meta":{"jetpack_post_was_ever_published":false,"_jetpack_newsletter_access":"","_jetpack_dont_email_post_to_subs":false,"_jetpack_newsletter_tier_id":0,"_jetpack_memberships_contains_paywalled_content":false,"_jetpack_memberships_contains_paid_content":false,"footnotes":"","jetpack_publicize_message":"","jetpack_publicize_feature_enabled":true,"jetpack_social_post_already_shared":true,"jetpack_social_options":{"image_generator_settings":{"template":"highway","enabled":false},"version":2}},"categories":[1],"tags":[48,51,53,17,40,47,50,56,52,49,55,54],"jetpack_publicize_connections":[],"jetpack_featured_media_url":"","jetpack_sharing_enabled":true,"jetpack_shortlink":"https:\/\/wp.me\/p9MQ7v-49","jetpack_likes_enabled":true,"jetpack-related-posts":[],"_links":{"self":[{"href":"http:\/\/milchhofblumhardt-lernenaufdembauernhof.de\/index.php?rest_route=\/wp\/v2\/posts\/257"}],"collection":[{"href":"http:\/\/milchhofblumhardt-lernenaufdembauernhof.de\/index.php?rest_route=\/wp\/v2\/posts"}],"about":[{"href":"http:\/\/milchhofblumhardt-lernenaufdembauernhof.de\/index.php?rest_route=\/wp\/v2\/types\/post"}],"author":[{"embeddable":true,"href":"http:\/\/milchhofblumhardt-lernenaufdembauernhof.de\/index.php?rest_route=\/wp\/v2\/users\/1"}],"replies":[{"embeddable":true,"href":"http:\/\/milchhofblumhardt-lernenaufdembauernhof.de\/index.php?rest_route=%2Fwp%2Fv2%2Fcomments&post=257"}],"version-history":[{"count":13,"href":"http:\/\/milchhofblumhardt-lernenaufdembauernhof.de\/index.php?rest_route=\/wp\/v2\/posts\/257\/revisions"}],"predecessor-version":[{"id":288,"href":"http:\/\/milchhofblumhardt-lernenaufdembauernhof.de\/index.php?rest_route=\/wp\/v2\/posts\/257\/revisions\/288"}],"wp:attachment":[{"href":"http:\/\/milchhofblumhardt-lernenaufdembauernhof.de\/index.php?rest_route=%2Fwp%2Fv2%2Fmedia&parent=257"}],"wp:term":[{"taxonomy":"category","embeddable":true,"href":"http:\/\/milchhofblumhardt-lernenaufdembauernhof.de\/index.php?rest_route=%2Fwp%2Fv2%2Fcategories&post=257"},{"taxonomy":"post_tag","embeddable":true,"href":"http:\/\/milchhofblumhardt-lernenaufdembauernhof.de\/index.php?rest_route=%2Fwp%2Fv2%2Ftags&post=257"}],"curies":[{"name":"wp","href":"https:\/\/api.w.org\/{rel}","templated":true}]}}